{"id":2419,"date":"2025-07-25T10:20:52","date_gmt":"2025-07-25T08:20:52","guid":{"rendered":"https:\/\/www.pausefitforme.fr\/?p=2419"},"modified":"2025-08-22T15:29:52","modified_gmt":"2025-08-22T13:29:52","slug":"rentree-septembre-2025","status":"publish","type":"post","link":"https:\/\/www.pausefitforme.fr\/?p=2419","title":{"rendered":"Rentr\u00e9e septembre 2025"},"content":{"rendered":"\n<p class=\"has-ast-global-color-0-color has-text-color has-link-color has-normal-font-size wp-elements-235ff7a2f00b6dfafe25e96bbf373fa4\"><strong>Tr\u00e8s heureuse de vous pr\u00e9senter le programme de la prochaine rentr\u00e9e 2025.<br>Enseignante depuis 14 ans de la m\u00e9thode Pilates, j&rsquo;ai toujours autant de plaisir \u00e0 pr\u00e9parer chaque rentr\u00e9e et pr\u00e9parer le Studio pour accueillir chaque pratiquant.<br><mark style=\"background-color:rgba(0, 0, 0, 0)\" class=\"has-inline-color has-ast-global-color-0-color\">Pour cette nouvelle rentr\u00e9e, vous trouverez toujours bien \u00e9videmment les cours de M\u00e9thode Pilates avec diff\u00e9rents niveaux de pratique ainsi que les cours d&rsquo;abdos sans d\u00e9g\u00e2ts de la m\u00e9thode De Gasquet<\/mark>. Le mardi soir un cours de Yoga selon la m\u00e9thode posturo respiratoire et le Hatha Yoga sans d\u00e9g\u00e2ts De Gasquet avec comme sp\u00e9cificit\u00e9 les bienfaits sur le Dos.<br>Issue de cette pratique je propose des sessions de stretching &amp; mobilit\u00e9 pour assouplir et \u00e9tirer le corps en profondeur.<\/strong><br><mark style=\"background-color:rgba(0, 0, 0, 0)\" class=\"has-inline-color has-ast-global-color-0-color\"><strong>Je vais \u00e9galement retrouver mon enseignement d&rsquo;origine, la course \u00e0 pied <br>mais un enseignement que je veux \u00e0 destination plus particuli\u00e8rement des femmes qui souhaitent d\u00e9buter la course \u00e0 pied ou avoir une pratique loisir respectueuse, sans se blesser (le mercredi soir dans le planning &lt;3 )<br>Je vous laisse d\u00e9couvrir le planning ainsi que toutes les infos pour la rentr\u00e9e et reste \u00e0 votre \u00e9coute si besoin de plus de renseignements<\/strong><\/mark><br><em>Caroline<\/em><\/p>\n\n\n\n<p class=\"has-luminous-vivid-orange-color has-text-color has-link-color has-medium-font-size wp-elements-e641c9e6fc126db4029b63692372ffc3\"><strong>Les cours collectifs reprendront le lundi 1er septembre 2025<\/strong><\/p>\n\n\n\n<figure class=\"wp-block-image size-large\"><a href=\"https:\/\/www.pausefitforme.fr\/wp-content\/uploads\/2025\/07\/Planning-Studio-2025-2026-1.jpg\"><img loading=\"lazy\" decoding=\"async\" width=\"1024\" height=\"576\" src=\"https:\/\/www.pausefitforme.fr\/wp-content\/uploads\/2025\/07\/Planning-Studio-2025-2026-1-1024x576.jpg\" alt=\"\" class=\"wp-image-2424\" srcset=\"https:\/\/www.pausefitforme.fr\/wp-content\/uploads\/2025\/07\/Planning-Studio-2025-2026-1-1024x576.jpg 1024w, https:\/\/www.pausefitforme.fr\/wp-content\/uploads\/2025\/07\/Planning-Studio-2025-2026-1-300x169.jpg 300w, https:\/\/www.pausefitforme.fr\/wp-content\/uploads\/2025\/07\/Planning-Studio-2025-2026-1-768x432.jpg 768w, https:\/\/www.pausefitforme.fr\/wp-content\/uploads\/2025\/07\/Planning-Studio-2025-2026-1-1536x864.jpg 1536w, https:\/\/www.pausefitforme.fr\/wp-content\/uploads\/2025\/07\/Planning-Studio-2025-2026-1.jpg 1920w\" sizes=\"auto, (max-width: 1024px) 100vw, 1024px\" \/><\/a><\/figure>\n\n\n\n<p><strong><span style=\"color:#e82e11\" class=\"has-inline-color\">Inscriptions et renseignements : <\/span><\/strong><br>&#8211; Par mail : caroline.cochard07@gmail.com <br>&#8211; Par SMS ou appel : 06.88.87.22.39<br><strong><span style=\"color:#e82e11\" class=\"has-inline-color\">Session d\u00e9couverte  : <\/span><\/strong><br><strong>Afin de garantir la qualit\u00e9 d&rsquo;accueil et d&rsquo;accompagnement de chaque pratiquant, il n&rsquo;y a pas de cours d&rsquo;essai gratuit au Studio.<br><\/strong>Les cours au Studio sont sans abonnement avec un paiement \u00e0 la s\u00e9ance (tarif ci-dessous) selon un nombre limit\u00e9 de place.<br>Envie de faire un cours d&rsquo;essai =&gt; Le 1er cours est au tarif de 5\u20ac au lieu de 10\u20ac sur inscription<br><strong><mark style=\"background-color:rgba(0, 0, 0, 0);color:#da4b0c\" class=\"has-inline-color\">RUNNING au f\u00e9minin : <\/mark><\/strong> <br>Venez nous rencontrer le mercredi 3 septembre \u00e0 18h15 (rdv au Studio)<\/p>\n\n\n\n<p class=\"has-luminous-vivid-orange-color has-text-color has-link-color wp-elements-1c286b9aba0cc90b38ecec274fe28020\"><strong>TARIF<\/strong> :<\/p>\n\n\n\n<p class=\"has-black-color has-text-color has-link-color wp-elements-155c48df89ad6180ef10ac020b0f3e42\">Les cours collectifs se font sans abonnement avec un paiement \u00e0 la s\u00e9ance. Il est possible d&rsquo;acheter plusieurs s\u00e9ances d&rsquo;avance afin de b\u00e9n\u00e9ficier d&rsquo;un tarif pr\u00e9f\u00e9rentiel.<br>1 s\u00e9ance cours collectif dur\u00e9e 50&prime; =&gt; 10\u20ac <br>Carte de 4 s\u00e9ances = 38\u20ac<br>Carte de 8 s\u00e9ances = 75\u20ac<br>Carte de 12 s\u00e9ances = 112\u20ac<br>Carte de 24 s\u00e9ances = 220\u20ac<br>1 s\u00e9ance cours collectif FLASH dur\u00e9e 35&prime; = 7\u20ac<br>Carte de 6 s\u00e9ances = 38\u20ac<br>Carte de 12 s\u00e9ances = 75\u20ac<br><br>Mes cours sont des sessions de renforcement musculaire ou de souplesse selon les diff\u00e9rentes m\u00e9thodes d\u00e9taill\u00e9es dans l&rsquo;onglet \u00ab\u00a0tarif &amp; planning\u00a0\u00bb, n&rsquo;h\u00e9sitez pas \u00e0 me contacter pour plus de renseignements<\/p>\n\n\n\n<p class=\"has-normal-font-size\"><mark style=\"background-color:rgba(0, 0, 0, 0)\" class=\"has-inline-color has-ast-global-color-0-color\"><strong>FORMULE Running au f\u00e9minin<\/strong><\/mark><br><strong><span style=\"color:#a30012\" class=\"has-inline-color\">QUOI <\/span><\/strong>: un groupe de filles de <strong>Course<\/strong> avec du cardio et du renforcement musculaire sp\u00e9cifique adapt\u00e9s \u00e0 toutes et plus particuli\u00e8rement aux filles qui souhaitent d\u00e9buter la course \u00e0 pied avec un vrai programme sp\u00e9cifique et, aux filles qui souhaitent entretenir une pratique loisir tout en s&rsquo;amusant&#8230;<br><br><strong><span style=\"color:#a30012\" class=\"has-inline-color\">QUAND <\/span><\/strong>: En pr\u00e9sentiel &#8212;&gt; Les mercredis \u00e0 18h15<br>En semi-autonomie &#8212;&gt; Programme mensuel pour progresser \u00e0 son rythme selon son propre agenda<br><br><strong><span style=\"color:#a30012\" class=\"has-inline-color\">Les PLUS <\/span><\/strong>: <br>&#8211; <strong>Programme mensuel adapt\u00e9<\/strong><br>&#8211; Acc\u00e8s \u00e0 1 session renfo sp\u00e9 course chaque mois le jeudi \u00e0 17h00<br>&#8211; Des conseils techniques &amp; des conf\u00e9rences <br>&nbsp;&#8211; Code PROMO sur les stages et les ateliers que j&rsquo;organise<br><br><strong><span style=\"color:#a30012\" class=\"has-inline-color\">TARIFS  <\/span><\/strong>: 30,00\u20ac\/mois (minimum 3 mois soit 90,00\u20ac)<br><\/p>\n\n\n\n<p><strong>Inscriptions &amp; renseignements<\/strong><br>Caroline au 06.88.87.22.39<br>ou caroline.cochard07@gmail.com<\/p>\n\n\n\n<p><\/p>\n","protected":false},"excerpt":{"rendered":"<p>Tr\u00e8s heureuse de vous pr\u00e9senter le programme de la prochaine rentr\u00e9e 2025.Enseignante depuis 14 ans de la m\u00e9thode Pilates, j&rsquo;ai toujours autant de plaisir \u00e0 pr\u00e9parer chaque rentr\u00e9e et pr\u00e9parer le Studio pour accueillir chaque pratiquant.Pour cette nouvelle rentr\u00e9e, vous trouverez toujours bien \u00e9videmment les cours de M\u00e9thode Pilates avec diff\u00e9rents niveaux de pratique ainsi &hellip;<\/p>\n<p class=\"read-more\"> <a class=\"\" href=\"https:\/\/www.pausefitforme.fr\/?p=2419\"> <span class=\"screen-reader-text\">Rentr\u00e9e septembre 2025<\/span> Lire la suite\u00a0\u00bb<\/a><\/p>\n","protected":false},"author":1,"featured_media":2209,"comment_status":"open","ping_status":"open","sticky":false,"template":"","format":"standard","meta":{"site-sidebar-layout":"default","site-content-layout":"default","ast-main-header-display":"","ast-hfb-above-header-display":"","ast-hfb-below-header-display":"","ast-hfb-mobile-header-display":"","site-post-title":"","ast-breadcrumbs-content":"","ast-featured-img":"","footer-sml-layout":"","theme-transparent-header-meta":"","adv-header-id-meta":"","stick-header-meta":"","header-above-stick-meta":"","header-main-stick-meta":"","header-below-stick-meta":"","footnotes":""},"categories":[190,67],"tags":[181,56,8,273,272,17,13,27,29,271,196,39,237,116],"class_list":["post-2419","post","type-post","status-publish","format-standard","has-post-thumbnail","hentry","category-cours","category-planning-tarif","tag-abdos","tag-activite-privas","tag-caroline-cochard","tag-course-a-pied-debutant-privas","tag-course-a-pied-femme","tag-pause-fit-forme","tag-pilates","tag-pilates-debutant","tag-pilates-privas","tag-running-femme","tag-stage-course-a-pied","tag-stage-pilates","tag-stretching","tag-yoga-privas"],"_links":{"self":[{"href":"https:\/\/www.pausefitforme.fr\/index.php?rest_route=\/wp\/v2\/posts\/2419","targetHints":{"allow":["GET"]}}],"collection":[{"href":"https:\/\/www.pausefitforme.fr\/index.php?rest_route=\/wp\/v2\/posts"}],"about":[{"href":"https:\/\/www.pausefitforme.fr\/index.php?rest_route=\/wp\/v2\/types\/post"}],"author":[{"embeddable":true,"href":"https:\/\/www.pausefitforme.fr\/index.php?rest_route=\/wp\/v2\/users\/1"}],"replies":[{"embeddable":true,"href":"https:\/\/www.pausefitforme.fr\/index.php?rest_route=%2Fwp%2Fv2%2Fcomments&post=2419"}],"version-history":[{"count":3,"href":"https:\/\/www.pausefitforme.fr\/index.php?rest_route=\/wp\/v2\/posts\/2419\/revisions"}],"predecessor-version":[{"id":2426,"href":"https:\/\/www.pausefitforme.fr\/index.php?rest_route=\/wp\/v2\/posts\/2419\/revisions\/2426"}],"wp:featuredmedia":[{"embeddable":true,"href":"https:\/\/www.pausefitforme.fr\/index.php?rest_route=\/wp\/v2\/media\/2209"}],"wp:attachment":[{"href":"https:\/\/www.pausefitforme.fr\/index.php?rest_route=%2Fwp%2Fv2%2Fmedia&parent=2419"}],"wp:term":[{"taxonomy":"category","embeddable":true,"href":"https:\/\/www.pausefitforme.fr\/index.php?rest_route=%2Fwp%2Fv2%2Fcategories&post=2419"},{"taxonomy":"post_tag","embeddable":true,"href":"https:\/\/www.pausefitforme.fr\/index.php?rest_route=%2Fwp%2Fv2%2Ftags&post=2419"}],"curies":[{"name":"wp","href":"https:\/\/api.w.org\/{rel}","templated":true}]}}